{"id":1740,"date":"2022-05-01T15:19:12","date_gmt":"2022-05-01T15:19:12","guid":{"rendered":"http:\/\/maths-simao.fr\/?p=1740"},"modified":"2022-07-05T22:46:54","modified_gmt":"2022-07-05T22:46:54","slug":"tournoi-de-maths-a-avignon-tfjm2","status":"publish","type":"post","link":"https:\/\/maths-simao.fr\/?p=1740","title":{"rendered":"Tournoi de Maths \u00e0 Avignon TFJM2"},"content":{"rendered":"\n<p>Cette ann\u00e9e nous nous sommes lanc\u00e9e dans l&rsquo;aventure \u00ab\u00a0TFJM2\u00a0\u00bb, en quoi cela consiste ? <\/p>\n\n\n\n<p>Tout d&rsquo;abord, TFJM2 signifie Tournoi Fran\u00e7ais des Jeunes Math\u00e9maticiens et Math\u00e9maticiennes. Il consiste \u00e0 un \u00ab\u00a0affrontement\u00a0\u00bb amical entre \u00e9quipes  constitu\u00e9s de 5 \u00e0 6 lyc\u00e9ens et lyc\u00e9ennes autour de sujets complexes et tr\u00e8s ouverts. Voici les sujets : <\/p>\n\n\n\n<div class=\"wp-block-file\"><a href=\"https:\/\/maths-simao.fr\/wp-content\/uploads\/2022\/06\/Les-probl\u00e8mes-\u2013-Tournois-Fran\u00e7ais-des-Jeunes-Math\u00e9maticiennes-et-Math\u00e9maticiens.html\">Les probl\u00e8mes <\/a><a href=\"https:\/\/maths-simao.fr\/wp-content\/uploads\/2022\/06\/Les-probl\u00e8mes-\u2013-Tournois-Fran\u00e7ais-des-Jeunes-Math\u00e9maticiennes-et-Math\u00e9maticiens.html\" class=\"wp-block-file__button\" download>T\u00e9l\u00e9charger<\/a><\/div>\n\n\n\n<!--more-->\n\n\n\n<p>Apr\u00e8s plus de trois  mois d&rsquo;intense labeur en collaboration avec Julien Cassaigne et le club de Maths de Marseille, nous avons rendu les sujets tout juste dans les temps. Viens ensuite le moment du tirage au sort des sujets et opposants. Nous sommes tomb\u00e9s  sur le sujet 7 ( Nathan ) le premier jour avec dans notre poule PKP ( C\u00e9zanne ) et IRR ( Valbonne ) et sur le sujet 8 ( Esteban ) le lendemain avec l&rsquo;\u00e9quipe RAM ( La nativit\u00e9 ) et du lyc\u00e9e Saint Joseph d&rsquo;Avignon qui nous accueillait.<\/p>\n\n\n\n<p>Comment se d\u00e9roule les affrontements ? Chaque \u00e9quipe d\u00e9fend en 10 minutes sa solution puis une \u00e9quipe adverse vient apporter sa contradiction apr\u00e8s avoir pris connaissance des notes papiers de la premi\u00e8re et un troisi\u00e8me \u00e9quipe vient mod\u00e9rer les d\u00e9bats. Plus d&rsquo;informations : <a href=\"https:\/\/tfjm.org\/\">ici<\/a> <\/p>\n\n\n\n<p>Voici un petit aper\u00e7u de notre Week-end.<\/p>\n\n\n\n<p>Samedi matin, 8h arriv\u00e9e \u00e0 Avignon en Ter. Petit d\u00e9jeuner.<\/p>\n\n\n\n<figure class=\"wp-block-image\"><img decoding=\"async\" loading=\"lazy\" width=\"1024\" height=\"768\" src=\"https:\/\/maths-simao.fr\/wp-content\/uploads\/2022\/07\/2022_04_30_08h_46m_mate20pro_IMG_20220430_084619-1024x768.jpg\" alt=\"\" class=\"wp-image-1932\" srcset=\"https:\/\/maths-simao.fr\/wp-content\/uploads\/2022\/07\/2022_04_30_08h_46m_mate20pro_IMG_20220430_084619-1024x768.jpg 1024w, https:\/\/maths-simao.fr\/wp-content\/uploads\/2022\/07\/2022_04_30_08h_46m_mate20pro_IMG_20220430_084619-150x113.jpg 150w, https:\/\/maths-simao.fr\/wp-content\/uploads\/2022\/07\/2022_04_30_08h_46m_mate20pro_IMG_20220430_084619-300x225.jpg 300w, https:\/\/maths-simao.fr\/wp-content\/uploads\/2022\/07\/2022_04_30_08h_46m_mate20pro_IMG_20220430_084619-768x576.jpg 768w\" sizes=\"(max-width: 1024px) 100vw, 1024px\" \/><\/figure>\n\n\n\n<p>Une fois arriv\u00e9 au lyc\u00e9e, apr\u00e8s avoir \u00e9t\u00e9 tr\u00e8s bien accueilli par Fabien le proviseur adjoint du lyc\u00e9e, nous commen\u00e7ons en tenues nos premiers entra\u00eenements pour les oraux de l&rsquo;apr\u00e8s-midi. Nathan nous explique son sujet sur les chiens.<\/p>\n\n\n\n<figure class=\"wp-block-image\"><img decoding=\"async\" loading=\"lazy\" width=\"1024\" height=\"768\" src=\"https:\/\/maths-simao.fr\/wp-content\/uploads\/2022\/07\/2022_04_30_09h_52m_mate20pro_IMG_20220430_095203-1024x768.jpg\" alt=\"\" class=\"wp-image-1933\" srcset=\"https:\/\/maths-simao.fr\/wp-content\/uploads\/2022\/07\/2022_04_30_09h_52m_mate20pro_IMG_20220430_095203-1024x768.jpg 1024w, https:\/\/maths-simao.fr\/wp-content\/uploads\/2022\/07\/2022_04_30_09h_52m_mate20pro_IMG_20220430_095203-150x113.jpg 150w, https:\/\/maths-simao.fr\/wp-content\/uploads\/2022\/07\/2022_04_30_09h_52m_mate20pro_IMG_20220430_095203-300x225.jpg 300w, https:\/\/maths-simao.fr\/wp-content\/uploads\/2022\/07\/2022_04_30_09h_52m_mate20pro_IMG_20220430_095203-768x576.jpg 768w\" sizes=\"(max-width: 1024px) 100vw, 1024px\" \/><\/figure>\n\n\n\n<figure class=\"wp-block-image\"><img decoding=\"async\" loading=\"lazy\" width=\"1024\" height=\"768\" src=\"https:\/\/maths-simao.fr\/wp-content\/uploads\/2022\/07\/2022_04_30_10h_58m_mate20pro_IMG_20220430_105804-1024x768.jpg\" alt=\"\" class=\"wp-image-1934\" srcset=\"https:\/\/maths-simao.fr\/wp-content\/uploads\/2022\/07\/2022_04_30_10h_58m_mate20pro_IMG_20220430_105804-1024x768.jpg 1024w, https:\/\/maths-simao.fr\/wp-content\/uploads\/2022\/07\/2022_04_30_10h_58m_mate20pro_IMG_20220430_105804-150x113.jpg 150w, https:\/\/maths-simao.fr\/wp-content\/uploads\/2022\/07\/2022_04_30_10h_58m_mate20pro_IMG_20220430_105804-300x225.jpg 300w, https:\/\/maths-simao.fr\/wp-content\/uploads\/2022\/07\/2022_04_30_10h_58m_mate20pro_IMG_20220430_105804-768x576.jpg 768w\" sizes=\"(max-width: 1024px) 100vw, 1024px\" \/><figcaption>La team de gauche \u00e0 droite : Est\u00e9ban, Pauline, J\u00e9r\u00e9my, Mathilde, Nathan et Alexandre<br> <\/figcaption><\/figure>\n\n\n\n<p>On rentre peu \u00e0 peu dans la comp\u00e9tition avec la pr\u00e9sentation des \u00e9quipes puis les oraux que l&rsquo;on n&rsquo;a pas le droit de filmer.<\/p>\n\n\n\n<figure class=\"wp-block-image\"><img decoding=\"async\" loading=\"lazy\" width=\"1024\" height=\"768\" src=\"https:\/\/maths-simao.fr\/wp-content\/uploads\/2022\/07\/2022_04_30_11h_06m_mate20pro_IMG_20220430_110625-1024x768.jpg\" alt=\"\" class=\"wp-image-1935\" srcset=\"https:\/\/maths-simao.fr\/wp-content\/uploads\/2022\/07\/2022_04_30_11h_06m_mate20pro_IMG_20220430_110625-1024x768.jpg 1024w, https:\/\/maths-simao.fr\/wp-content\/uploads\/2022\/07\/2022_04_30_11h_06m_mate20pro_IMG_20220430_110625-150x113.jpg 150w, https:\/\/maths-simao.fr\/wp-content\/uploads\/2022\/07\/2022_04_30_11h_06m_mate20pro_IMG_20220430_110625-300x225.jpg 300w, https:\/\/maths-simao.fr\/wp-content\/uploads\/2022\/07\/2022_04_30_11h_06m_mate20pro_IMG_20220430_110625-768x576.jpg 768w\" sizes=\"(max-width: 1024px) 100vw, 1024px\" \/><\/figure>\n\n\n\n<p>La nuit du samedi f\u00fbt intense et courte pour beaucoup.<\/p>\n\n\n\n<ul class=\"wp-block-gallery columns-3 is-cropped wp-block-gallery-1 is-layout-flex wp-block-gallery-is-layout-flex\"><li class=\"blocks-gallery-item\"><figure><a href=\"https:\/\/maths-simao.fr\/?attachment_id=1936\"><img decoding=\"async\" loading=\"lazy\" width=\"1024\" height=\"768\" src=\"https:\/\/maths-simao.fr\/wp-content\/uploads\/2022\/07\/2022_04_30_22h_58m_mate20pro_IMG_20220430_225857-1024x768.jpg\" alt=\"\" data-id=\"1936\" data-link=\"https:\/\/maths-simao.fr\/?attachment_id=1936\" class=\"wp-image-1936\" srcset=\"https:\/\/maths-simao.fr\/wp-content\/uploads\/2022\/07\/2022_04_30_22h_58m_mate20pro_IMG_20220430_225857-1024x768.jpg 1024w, https:\/\/maths-simao.fr\/wp-content\/uploads\/2022\/07\/2022_04_30_22h_58m_mate20pro_IMG_20220430_225857-150x113.jpg 150w, https:\/\/maths-simao.fr\/wp-content\/uploads\/2022\/07\/2022_04_30_22h_58m_mate20pro_IMG_20220430_225857-300x225.jpg 300w, https:\/\/maths-simao.fr\/wp-content\/uploads\/2022\/07\/2022_04_30_22h_58m_mate20pro_IMG_20220430_225857-768x576.jpg 768w\" sizes=\"(max-width: 1024px) 100vw, 1024px\" \/><\/a><\/figure><\/li><li class=\"blocks-gallery-item\"><figure><a href=\"https:\/\/maths-simao.fr\/?attachment_id=1937\"><img decoding=\"async\" loading=\"lazy\" width=\"1024\" height=\"768\" src=\"https:\/\/maths-simao.fr\/wp-content\/uploads\/2022\/07\/2022_04_30_22h_59m_mate20pro_IMG_20220430_225906-1024x768.jpg\" alt=\"\" data-id=\"1937\" data-link=\"https:\/\/maths-simao.fr\/?attachment_id=1937\" class=\"wp-image-1937\" srcset=\"https:\/\/maths-simao.fr\/wp-content\/uploads\/2022\/07\/2022_04_30_22h_59m_mate20pro_IMG_20220430_225906-1024x768.jpg 1024w, https:\/\/maths-simao.fr\/wp-content\/uploads\/2022\/07\/2022_04_30_22h_59m_mate20pro_IMG_20220430_225906-150x113.jpg 150w, https:\/\/maths-simao.fr\/wp-content\/uploads\/2022\/07\/2022_04_30_22h_59m_mate20pro_IMG_20220430_225906-300x225.jpg 300w, https:\/\/maths-simao.fr\/wp-content\/uploads\/2022\/07\/2022_04_30_22h_59m_mate20pro_IMG_20220430_225906-768x576.jpg 768w\" sizes=\"(max-width: 1024px) 100vw, 1024px\" \/><\/a><\/figure><\/li><li class=\"blocks-gallery-item\"><figure><a href=\"https:\/\/maths-simao.fr\/?attachment_id=1939\"><img decoding=\"async\" loading=\"lazy\" width=\"768\" height=\"1024\" src=\"https:\/\/maths-simao.fr\/wp-content\/uploads\/2022\/07\/2022_05_01_02h_36m_mate20pro_IMG_20220501_023627-768x1024.jpg\" alt=\"\" data-id=\"1939\" data-link=\"https:\/\/maths-simao.fr\/?attachment_id=1939\" class=\"wp-image-1939\" srcset=\"https:\/\/maths-simao.fr\/wp-content\/uploads\/2022\/07\/2022_05_01_02h_36m_mate20pro_IMG_20220501_023627-768x1024.jpg 768w, https:\/\/maths-simao.fr\/wp-content\/uploads\/2022\/07\/2022_05_01_02h_36m_mate20pro_IMG_20220501_023627-113x150.jpg 113w, https:\/\/maths-simao.fr\/wp-content\/uploads\/2022\/07\/2022_05_01_02h_36m_mate20pro_IMG_20220501_023627-225x300.jpg 225w\" sizes=\"(max-width: 768px) 100vw, 768px\" \/><\/a><\/figure><\/li><\/ul>\n\n\n\n<p>Au final nous finissons troisi\u00e8me de ce beau tournoi pour notre premi\u00e8re participation et nos amis du club de Maths de Marseille premiers,  qualifi\u00e9 pour la finale \u00e0 Paris. <br><\/p>\n\n\n\n<figure class=\"wp-block-image\"><img decoding=\"async\" loading=\"lazy\" width=\"1024\" height=\"683\" src=\"https:\/\/maths-simao.fr\/wp-content\/uploads\/2022\/07\/remise-prix-1024x683.jpeg\" alt=\"\" class=\"wp-image-1944\" srcset=\"https:\/\/maths-simao.fr\/wp-content\/uploads\/2022\/07\/remise-prix.jpeg 1024w, https:\/\/maths-simao.fr\/wp-content\/uploads\/2022\/07\/remise-prix-150x100.jpeg 150w, https:\/\/maths-simao.fr\/wp-content\/uploads\/2022\/07\/remise-prix-300x200.jpeg 300w, https:\/\/maths-simao.fr\/wp-content\/uploads\/2022\/07\/remise-prix-768x512.jpeg 768w\" sizes=\"(max-width: 1024px) 100vw, 1024px\" \/><\/figure>\n\n\n\n<figure class=\"wp-block-video\"><video controls src=\"https:\/\/maths-simao.fr\/wp-content\/uploads\/2022\/07\/VID_20220501_163046.mp4\"><\/video><\/figure>\n\n\n\n<p>Avant de reprendre le Ter nous sommes all\u00e9s voir la cit\u00e9 des Papes. Les \u00e9l\u00e8ves toujours \u00e0 fond discutaient encore des sujets du week-end<\/p>\n\n\n\n<figure class=\"wp-block-image\"><img decoding=\"async\" loading=\"lazy\" width=\"768\" height=\"1024\" src=\"https:\/\/maths-simao.fr\/wp-content\/uploads\/2022\/07\/2022_05_01_17h_05m_mate20pro_IMG_20220501_170507-768x1024.jpg\" alt=\"\" class=\"wp-image-1940\" srcset=\"https:\/\/maths-simao.fr\/wp-content\/uploads\/2022\/07\/2022_05_01_17h_05m_mate20pro_IMG_20220501_170507-768x1024.jpg 768w, https:\/\/maths-simao.fr\/wp-content\/uploads\/2022\/07\/2022_05_01_17h_05m_mate20pro_IMG_20220501_170507-113x150.jpg 113w, https:\/\/maths-simao.fr\/wp-content\/uploads\/2022\/07\/2022_05_01_17h_05m_mate20pro_IMG_20220501_170507-225x300.jpg 225w\" sizes=\"(max-width: 768px) 100vw, 768px\" \/><\/figure>\n\n\n\n<p>Suite des aventures avec la finale \u00e0 Paris, <a href=\"https:\/\/maths-simao.fr\/?p=1768\">ici<\/a> <\/p>\n","protected":false},"excerpt":{"rendered":"<p>Cette ann\u00e9e nous nous sommes lanc\u00e9e dans l&rsquo;aventure \u00ab\u00a0TFJM2\u00a0\u00bb, en quoi cela consiste ? Tout d&rsquo;abord, TFJM2 signifie Tournoi Fran\u00e7ais des Jeunes Math\u00e9maticiens et Math\u00e9maticiennes. Il consiste \u00e0 un \u00ab\u00a0affrontement\u00a0\u00bb amical entre \u00e9quipes constitu\u00e9s de 5 \u00e0 6 lyc\u00e9ens et lyc\u00e9ennes autour de sujets complexes et tr\u00e8s ouverts. Voici les sujets :<\/p>\n","protected":false},"author":1,"featured_media":0,"comment_status":"open","ping_status":"closed","sticky":false,"template":"","format":"standard","meta":{"footnotes":""},"categories":[41,43],"tags":[],"_links":{"self":[{"href":"https:\/\/maths-simao.fr\/index.php?rest_route=\/wp\/v2\/posts\/1740"}],"collection":[{"href":"https:\/\/maths-simao.fr\/index.php?rest_route=\/wp\/v2\/posts"}],"about":[{"href":"https:\/\/maths-simao.fr\/index.php?rest_route=\/wp\/v2\/types\/post"}],"author":[{"embeddable":true,"href":"https:\/\/maths-simao.fr\/index.php?rest_route=\/wp\/v2\/users\/1"}],"replies":[{"embeddable":true,"href":"https:\/\/maths-simao.fr\/index.php?rest_route=%2Fwp%2Fv2%2Fcomments&post=1740"}],"version-history":[{"count":15,"href":"https:\/\/maths-simao.fr\/index.php?rest_route=\/wp\/v2\/posts\/1740\/revisions"}],"predecessor-version":[{"id":1956,"href":"https:\/\/maths-simao.fr\/index.php?rest_route=\/wp\/v2\/posts\/1740\/revisions\/1956"}],"wp:attachment":[{"href":"https:\/\/maths-simao.fr\/index.php?rest_route=%2Fwp%2Fv2%2Fmedia&parent=1740"}],"wp:term":[{"taxonomy":"category","embeddable":true,"href":"https:\/\/maths-simao.fr\/index.php?rest_route=%2Fwp%2Fv2%2Fcategories&post=1740"},{"taxonomy":"post_tag","embeddable":true,"href":"https:\/\/maths-simao.fr\/index.php?rest_route=%2Fwp%2Fv2%2Ftags&post=1740"}],"curies":[{"name":"wp","href":"https:\/\/api.w.org\/{rel}","templated":true}]}}