{"id":2196,"date":"2023-01-10T01:23:58","date_gmt":"2023-01-10T01:23:58","guid":{"rendered":"https:\/\/maths-simao.fr\/?p=2196"},"modified":"2023-06-01T01:39:31","modified_gmt":"2023-06-01T01:39:31","slug":"les-conferences-2-3","status":"publish","type":"post","link":"https:\/\/maths-simao.fr\/?p=2196","title":{"rendered":"Les conf\u00e9rences 2\/3"},"content":{"rendered":"\n<p>Dix de nos \u00e9l\u00e8ves int\u00e9r\u00e9ss\u00e9s par les classes pr\u00e9pas au lyc\u00e9es Thiers ont assist\u00e9 \u00e0 deux de ses conf\u00e9rences. Ils ont aussi pu avant les conf\u00e9rence visiter les salles de classe et discuter avec nos \u00e9l\u00e8ves de l&rsquo;ann\u00e9e derni\u00e8re en classes pr\u00e9paratoires ce fut un exp\u00e9rience enrichissante pour tous.<\/p>\n\n\n\n<!--more-->\n\n\n\n<h2 class=\"wp-block-heading\">Conf\u00e9rence d&rsquo;Alexandre Gaudilli\u00e8re le 10 octobre<\/h2>\n\n\n\n<figure class=\"wp-block-gallery has-nested-images columns-default is-cropped wp-block-gallery-1 is-layout-flex wp-block-gallery-is-layout-flex\">\n<figure class=\"wp-block-image size-large\"><img decoding=\"async\" loading=\"lazy\" width=\"724\" height=\"1024\" data-id=\"2200\" src=\"https:\/\/maths-simao.fr\/wp-content\/uploads\/2023\/06\/FieWODIWQAEI0lk-724x1024.jpg\" alt=\"\" class=\"wp-image-2200\" srcset=\"https:\/\/maths-simao.fr\/wp-content\/uploads\/2023\/06\/FieWODIWQAEI0lk-724x1024.jpg 724w, https:\/\/maths-simao.fr\/wp-content\/uploads\/2023\/06\/FieWODIWQAEI0lk-212x300.jpg 212w, https:\/\/maths-simao.fr\/wp-content\/uploads\/2023\/06\/FieWODIWQAEI0lk-106x150.jpg 106w, https:\/\/maths-simao.fr\/wp-content\/uploads\/2023\/06\/FieWODIWQAEI0lk-768x1086.jpg 768w, https:\/\/maths-simao.fr\/wp-content\/uploads\/2023\/06\/FieWODIWQAEI0lk-1086x1536.jpg 1086w, https:\/\/maths-simao.fr\/wp-content\/uploads\/2023\/06\/FieWODIWQAEI0lk-1448x2048.jpg 1448w, https:\/\/maths-simao.fr\/wp-content\/uploads\/2023\/06\/FieWODIWQAEI0lk-scaled.jpg 1810w\" sizes=\"(max-width: 724px) 100vw, 724px\" \/><\/figure>\n\n\n\n<figure class=\"wp-block-image size-large\"><img decoding=\"async\" loading=\"lazy\" width=\"1024\" height=\"498\" data-id=\"2201\" src=\"https:\/\/maths-simao.fr\/wp-content\/uploads\/2023\/06\/FieWtJfWIAAKl4g-1024x498.jpg\" alt=\"\" class=\"wp-image-2201\" srcset=\"https:\/\/maths-simao.fr\/wp-content\/uploads\/2023\/06\/FieWtJfWIAAKl4g-1024x498.jpg 1024w, https:\/\/maths-simao.fr\/wp-content\/uploads\/2023\/06\/FieWtJfWIAAKl4g-300x146.jpg 300w, https:\/\/maths-simao.fr\/wp-content\/uploads\/2023\/06\/FieWtJfWIAAKl4g-150x73.jpg 150w, https:\/\/maths-simao.fr\/wp-content\/uploads\/2023\/06\/FieWtJfWIAAKl4g-768x373.jpg 768w, https:\/\/maths-simao.fr\/wp-content\/uploads\/2023\/06\/FieWtJfWIAAKl4g-1536x747.jpg 1536w, https:\/\/maths-simao.fr\/wp-content\/uploads\/2023\/06\/FieWtJfWIAAKl4g-2048x996.jpg 2048w\" sizes=\"(max-width: 1024px) 100vw, 1024px\" \/><\/figure>\n<\/figure>\n\n\n\n<p>Les \u00e9l\u00e8ves tout comme moi ont beaucoup cette expos\u00e9 avec une premi\u00e8re partie qui donnera le diaporama pr\u00e9sent\u00e9 au Pi Day.<\/p>\n\n\n\n<h2 class=\"wp-block-heading\">Conf\u00e9rence de Charlotte Perrin le 10 janvier<\/h2>\n\n\n\n<p>Expos\u00e9 tr\u00e8s interesant mais peut \u00eatre un peu trop complexe pour nos \u00e9l\u00e8ves de terminales sur la circulation oc\u00e9anique et les \u00e9quations de Navier Stockes <\/p>\n\n\n<div class=\"wp-block-image\">\n<figure class=\"aligncenter size-large is-resized\"><img decoding=\"async\" loading=\"lazy\" src=\"https:\/\/maths-simao.fr\/wp-content\/uploads\/2023\/06\/23_01_10_1853_iPhone-13-Pro_IMG_4267-1024x768.jpg\" alt=\"\" class=\"wp-image-2198\" width=\"499\" height=\"374\" srcset=\"https:\/\/maths-simao.fr\/wp-content\/uploads\/2023\/06\/23_01_10_1853_iPhone-13-Pro_IMG_4267-1024x768.jpg 1024w, https:\/\/maths-simao.fr\/wp-content\/uploads\/2023\/06\/23_01_10_1853_iPhone-13-Pro_IMG_4267-300x225.jpg 300w, https:\/\/maths-simao.fr\/wp-content\/uploads\/2023\/06\/23_01_10_1853_iPhone-13-Pro_IMG_4267-150x113.jpg 150w, https:\/\/maths-simao.fr\/wp-content\/uploads\/2023\/06\/23_01_10_1853_iPhone-13-Pro_IMG_4267-768x576.jpg 768w, https:\/\/maths-simao.fr\/wp-content\/uploads\/2023\/06\/23_01_10_1853_iPhone-13-Pro_IMG_4267-1536x1152.jpg 1536w, https:\/\/maths-simao.fr\/wp-content\/uploads\/2023\/06\/23_01_10_1853_iPhone-13-Pro_IMG_4267-2048x1536.jpg 2048w\" sizes=\"(max-width: 499px) 100vw, 499px\" \/><\/figure><\/div>","protected":false},"excerpt":{"rendered":"<p>Dix de nos \u00e9l\u00e8ves int\u00e9r\u00e9ss\u00e9s par les classes pr\u00e9pas au lyc\u00e9es Thiers ont assist\u00e9 \u00e0 deux de ses conf\u00e9rences. Ils ont aussi pu avant les conf\u00e9rence visiter les salles de classe et discuter avec nos \u00e9l\u00e8ves de l&rsquo;ann\u00e9e derni\u00e8re en classes pr\u00e9paratoires ce fut un exp\u00e9rience enrichissante pour tous.<\/p>\n","protected":false},"author":1,"featured_media":0,"comment_status":"open","ping_status":"closed","sticky":false,"template":"","format":"standard","meta":{"footnotes":""},"categories":[1],"tags":[],"_links":{"self":[{"href":"https:\/\/maths-simao.fr\/index.php?rest_route=\/wp\/v2\/posts\/2196"}],"collection":[{"href":"https:\/\/maths-simao.fr\/index.php?rest_route=\/wp\/v2\/posts"}],"about":[{"href":"https:\/\/maths-simao.fr\/index.php?rest_route=\/wp\/v2\/types\/post"}],"author":[{"embeddable":true,"href":"https:\/\/maths-simao.fr\/index.php?rest_route=\/wp\/v2\/users\/1"}],"replies":[{"embeddable":true,"href":"https:\/\/maths-simao.fr\/index.php?rest_route=%2Fwp%2Fv2%2Fcomments&post=2196"}],"version-history":[{"count":3,"href":"https:\/\/maths-simao.fr\/index.php?rest_route=\/wp\/v2\/posts\/2196\/revisions"}],"predecessor-version":[{"id":2202,"href":"https:\/\/maths-simao.fr\/index.php?rest_route=\/wp\/v2\/posts\/2196\/revisions\/2202"}],"wp:attachment":[{"href":"https:\/\/maths-simao.fr\/index.php?rest_route=%2Fwp%2Fv2%2Fmedia&parent=2196"}],"wp:term":[{"taxonomy":"category","embeddable":true,"href":"https:\/\/maths-simao.fr\/index.php?rest_route=%2Fwp%2Fv2%2Fcategories&post=2196"},{"taxonomy":"post_tag","embeddable":true,"href":"https:\/\/maths-simao.fr\/index.php?rest_route=%2Fwp%2Fv2%2Ftags&post=2196"}],"curies":[{"name":"wp","href":"https:\/\/api.w.org\/{rel}","templated":true}]}}