{"id":2332,"date":"2023-10-16T19:32:42","date_gmt":"2023-10-16T19:32:42","guid":{"rendered":"https:\/\/maths-simao.fr\/?p=2332"},"modified":"2023-10-19T19:46:42","modified_gmt":"2023-10-19T19:46:42","slug":"fete-de-la-science-a-lespace-bargemon-a-marseille","status":"publish","type":"post","link":"https:\/\/maths-simao.fr\/?p=2332","title":{"rendered":"F\u00eate de la science \u00e0 l&rsquo;espace Bargemon \u00e0 Marseille"},"content":{"rendered":"\n<h3 class=\"wp-block-heading\">Apr\u00e8s le week-end dernier en Ard\u00e8che. Avec Maths pour tous on a remis du coeur \u00e0 l&rsquo;ouvrage tout le dimanche pour animer des activit\u00e9s de vulgarisation math\u00e9matiques.<\/h3>\n\n\n\n<!--more-->\n\n\n\n<p>Apr\u00e8s deux jours d&rsquo;animations par nos amis du <a href=\"https:\/\/www.cirm-math.fr\/index.html\" data-type=\"link\" data-id=\"https:\/\/www.cirm-math.fr\/index.html\">CIRM <\/a>et coll\u00e8gues enseignants-chercheurs de l&rsquo;<a href=\"https:\/\/www.i2m.univ-amu.fr\/\">I2M<\/a> ainsi que les \u00e9l\u00e8ves du <a href=\"http:\/\/club.i2m.univ-amu.fr\/accueil\/\" data-type=\"link\" data-id=\"http:\/\/club.i2m.univ-amu.fr\/accueil\/\">club de Maths de Marseille,<\/a><\/p>\n\n\n\n<figure class=\"wp-block-gallery has-nested-images columns-default is-cropped wp-block-gallery-1 is-layout-flex wp-block-gallery-is-layout-flex\">\n<figure class=\"wp-block-image size-large\"><img decoding=\"async\" loading=\"lazy\" width=\"1024\" height=\"768\" data-id=\"2336\" src=\"https:\/\/maths-simao.fr\/wp-content\/uploads\/2023\/10\/IMG_8334-1024x768.jpg\" alt=\"\" class=\"wp-image-2336\" srcset=\"https:\/\/maths-simao.fr\/wp-content\/uploads\/2023\/10\/IMG_8334-1024x768.jpg 1024w, https:\/\/maths-simao.fr\/wp-content\/uploads\/2023\/10\/IMG_8334-300x225.jpg 300w, https:\/\/maths-simao.fr\/wp-content\/uploads\/2023\/10\/IMG_8334-150x113.jpg 150w, https:\/\/maths-simao.fr\/wp-content\/uploads\/2023\/10\/IMG_8334-768x576.jpg 768w, https:\/\/maths-simao.fr\/wp-content\/uploads\/2023\/10\/IMG_8334-1536x1152.jpg 1536w, https:\/\/maths-simao.fr\/wp-content\/uploads\/2023\/10\/IMG_8334-2048x1536.jpg 2048w\" sizes=\"(max-width: 1024px) 100vw, 1024px\" \/><\/figure>\n\n\n\n<figure class=\"wp-block-image size-large\"><img decoding=\"async\" loading=\"lazy\" width=\"737\" height=\"1024\" data-id=\"2335\" src=\"https:\/\/maths-simao.fr\/wp-content\/uploads\/2023\/10\/IMG_8337-737x1024.jpg\" alt=\"\" class=\"wp-image-2335\" srcset=\"https:\/\/maths-simao.fr\/wp-content\/uploads\/2023\/10\/IMG_8337-737x1024.jpg 737w, https:\/\/maths-simao.fr\/wp-content\/uploads\/2023\/10\/IMG_8337-216x300.jpg 216w, https:\/\/maths-simao.fr\/wp-content\/uploads\/2023\/10\/IMG_8337-108x150.jpg 108w, https:\/\/maths-simao.fr\/wp-content\/uploads\/2023\/10\/IMG_8337-768x1068.jpg 768w, https:\/\/maths-simao.fr\/wp-content\/uploads\/2023\/10\/IMG_8337-1105x1536.jpg 1105w, https:\/\/maths-simao.fr\/wp-content\/uploads\/2023\/10\/IMG_8337-1473x2048.jpg 1473w, https:\/\/maths-simao.fr\/wp-content\/uploads\/2023\/10\/IMG_8337-scaled.jpg 1842w\" sizes=\"(max-width: 737px) 100vw, 737px\" \/><\/figure>\n<\/figure>\n\n\n\n<p>nous avons repris le flambeau avec Laurent Beddou le dimanche, accompagn\u00e9s de nos \u00e9l\u00e8ves respectivement du coll\u00e8ge Commandant Cousteau \u00e0 Rognac et du lyc\u00e9e Monte-Cristo \u00e0 Allauch.<\/p>\n\n\n<div class=\"wp-block-image\">\n<figure class=\"aligncenter size-large is-resized\"><img decoding=\"async\" loading=\"lazy\" width=\"1024\" height=\"837\" src=\"https:\/\/maths-simao.fr\/wp-content\/uploads\/2023\/10\/IMG_8346-1024x837.jpg\" alt=\"\" class=\"wp-image-2337\" style=\"aspect-ratio:1.2234169653524491;width:426px;height:auto\" srcset=\"https:\/\/maths-simao.fr\/wp-content\/uploads\/2023\/10\/IMG_8346-1024x837.jpg 1024w, https:\/\/maths-simao.fr\/wp-content\/uploads\/2023\/10\/IMG_8346-300x245.jpg 300w, https:\/\/maths-simao.fr\/wp-content\/uploads\/2023\/10\/IMG_8346-150x123.jpg 150w, https:\/\/maths-simao.fr\/wp-content\/uploads\/2023\/10\/IMG_8346-768x628.jpg 768w, https:\/\/maths-simao.fr\/wp-content\/uploads\/2023\/10\/IMG_8346-1536x1256.jpg 1536w, https:\/\/maths-simao.fr\/wp-content\/uploads\/2023\/10\/IMG_8346-2048x1674.jpg 2048w\" sizes=\"(max-width: 1024px) 100vw, 1024px\" \/><\/figure><\/div>\n\n\n<p>Quatre \u00e9l\u00e8ves de Monte-Cristo motiv\u00e9es se sont jointes \u00e0 moi pour pr\u00e9senter des activit\u00e9s souvent similaires au week-end dernier en Ard\u00e8che. A noter, \u00e0 mon plus grand plaisir la pr\u00e9sence de Milane \u00e9l\u00e8ve de premi\u00e8re qui n&rsquo;a pas choisi la sp\u00e9cialit\u00e9 Maths mais qui a toutefois voulu pr\u00e9senter une activit\u00e9 qui l&rsquo;a int\u00e9ress\u00e9 en ce d\u00e9but d&rsquo;ann\u00e9e, \u00ab\u00a0les d\u00e9s du diable\u00a0\u00bb.<\/p>\n\n\n<div class=\"wp-block-image\">\n<figure class=\"aligncenter size-large is-resized\"><img decoding=\"async\" loading=\"lazy\" width=\"768\" height=\"1024\" src=\"https:\/\/maths-simao.fr\/wp-content\/uploads\/2023\/10\/IMG_8352-768x1024.jpg\" alt=\"\" class=\"wp-image-2338\" style=\"aspect-ratio:0.75;width:293px;height:auto\" srcset=\"https:\/\/maths-simao.fr\/wp-content\/uploads\/2023\/10\/IMG_8352-768x1024.jpg 768w, https:\/\/maths-simao.fr\/wp-content\/uploads\/2023\/10\/IMG_8352-225x300.jpg 225w, https:\/\/maths-simao.fr\/wp-content\/uploads\/2023\/10\/IMG_8352-113x150.jpg 113w, https:\/\/maths-simao.fr\/wp-content\/uploads\/2023\/10\/IMG_8352-1152x1536.jpg 1152w, https:\/\/maths-simao.fr\/wp-content\/uploads\/2023\/10\/IMG_8352-1536x2048.jpg 1536w, https:\/\/maths-simao.fr\/wp-content\/uploads\/2023\/10\/IMG_8352-scaled.jpg 1920w\" sizes=\"(max-width: 768px) 100vw, 768px\" \/><\/figure><\/div>\n\n\n<p>L&rsquo;apr\u00e8s-midi fut intense avec pleins de visiteurs tr\u00e8s int\u00e9ress\u00e9s par nos stands.<\/p>\n\n\n\n<figure class=\"wp-block-gallery has-nested-images columns-default is-cropped wp-block-gallery-3 is-layout-flex wp-block-gallery-is-layout-flex\">\n<figure class=\"wp-block-image size-large\"><img decoding=\"async\" loading=\"lazy\" width=\"768\" height=\"1024\" data-id=\"2341\" src=\"https:\/\/maths-simao.fr\/wp-content\/uploads\/2023\/10\/IMG_8349-768x1024.jpg\" alt=\"\" class=\"wp-image-2341\" srcset=\"https:\/\/maths-simao.fr\/wp-content\/uploads\/2023\/10\/IMG_8349-768x1024.jpg 768w, https:\/\/maths-simao.fr\/wp-content\/uploads\/2023\/10\/IMG_8349-225x300.jpg 225w, https:\/\/maths-simao.fr\/wp-content\/uploads\/2023\/10\/IMG_8349-113x150.jpg 113w, https:\/\/maths-simao.fr\/wp-content\/uploads\/2023\/10\/IMG_8349-1152x1536.jpg 1152w, https:\/\/maths-simao.fr\/wp-content\/uploads\/2023\/10\/IMG_8349-1536x2048.jpg 1536w, https:\/\/maths-simao.fr\/wp-content\/uploads\/2023\/10\/IMG_8349-scaled.jpg 1920w\" sizes=\"(max-width: 768px) 100vw, 768px\" \/><\/figure>\n\n\n\n<figure class=\"wp-block-image size-large\"><img decoding=\"async\" loading=\"lazy\" width=\"2560\" height=\"1920\" data-id=\"2344\" src=\"https:\/\/maths-simao.fr\/wp-content\/uploads\/2023\/10\/IMG_8351-scaled.jpg\" alt=\"\" class=\"wp-image-2344\" srcset=\"https:\/\/maths-simao.fr\/wp-content\/uploads\/2023\/10\/IMG_8351-scaled.jpg 2560w, https:\/\/maths-simao.fr\/wp-content\/uploads\/2023\/10\/IMG_8351-300x225.jpg 300w\" sizes=\"(max-width: 2560px) 100vw, 2560px\" \/><\/figure>\n\n\n\n<figure class=\"wp-block-image size-large\"><img decoding=\"async\" data-id=\"2343\" src=\"https:\/\/maths-simao.fr\/wp-content\/uploads\/2023\/10\/IMG_8364.jpg\" alt=\"\" class=\"wp-image-2343\"\/><\/figure>\n\n\n\n<figure class=\"wp-block-image size-large\"><img decoding=\"async\" data-id=\"2345\" src=\"https:\/\/maths-simao.fr\/wp-content\/uploads\/2023\/10\/IMG_8354.jpg\" alt=\"\" class=\"wp-image-2345\"\/><\/figure>\n\n\n\n<figure class=\"wp-block-image size-large\"><img decoding=\"async\" loading=\"lazy\" width=\"1024\" height=\"768\" data-id=\"2340\" src=\"https:\/\/maths-simao.fr\/wp-content\/uploads\/2023\/10\/IMG_8357-1024x768.jpg\" alt=\"\" class=\"wp-image-2340\" srcset=\"https:\/\/maths-simao.fr\/wp-content\/uploads\/2023\/10\/IMG_8357-1024x768.jpg 1024w, https:\/\/maths-simao.fr\/wp-content\/uploads\/2023\/10\/IMG_8357-300x225.jpg 300w, https:\/\/maths-simao.fr\/wp-content\/uploads\/2023\/10\/IMG_8357-150x113.jpg 150w, https:\/\/maths-simao.fr\/wp-content\/uploads\/2023\/10\/IMG_8357-768x576.jpg 768w, https:\/\/maths-simao.fr\/wp-content\/uploads\/2023\/10\/IMG_8357-1536x1152.jpg 1536w, https:\/\/maths-simao.fr\/wp-content\/uploads\/2023\/10\/IMG_8357-2048x1536.jpg 2048w\" sizes=\"(max-width: 1024px) 100vw, 1024px\" \/><\/figure>\n\n\n\n<figure class=\"wp-block-image size-large\"><img decoding=\"async\" loading=\"lazy\" width=\"2560\" height=\"1774\" data-id=\"2339\" src=\"https:\/\/maths-simao.fr\/wp-content\/uploads\/2023\/10\/IMG_8362-scaled.jpg\" alt=\"\" class=\"wp-image-2339\" srcset=\"https:\/\/maths-simao.fr\/wp-content\/uploads\/2023\/10\/IMG_8362-scaled.jpg 2560w, https:\/\/maths-simao.fr\/wp-content\/uploads\/2023\/10\/IMG_8362-300x208.jpg 300w\" sizes=\"(max-width: 2560px) 100vw, 2560px\" \/><\/figure>\n\n\n\n<figure class=\"wp-block-image size-large\"><img decoding=\"async\" loading=\"lazy\" width=\"1024\" height=\"550\" data-id=\"2346\" src=\"https:\/\/maths-simao.fr\/wp-content\/uploads\/2023\/10\/8df9ed84-be73-4dac-9c3b-818190e166f0-1024x550.jpg\" alt=\"\" class=\"wp-image-2346\" srcset=\"https:\/\/maths-simao.fr\/wp-content\/uploads\/2023\/10\/8df9ed84-be73-4dac-9c3b-818190e166f0-1024x550.jpg 1024w, https:\/\/maths-simao.fr\/wp-content\/uploads\/2023\/10\/8df9ed84-be73-4dac-9c3b-818190e166f0-300x161.jpg 300w, https:\/\/maths-simao.fr\/wp-content\/uploads\/2023\/10\/8df9ed84-be73-4dac-9c3b-818190e166f0-150x81.jpg 150w, https:\/\/maths-simao.fr\/wp-content\/uploads\/2023\/10\/8df9ed84-be73-4dac-9c3b-818190e166f0-768x412.jpg 768w, https:\/\/maths-simao.fr\/wp-content\/uploads\/2023\/10\/8df9ed84-be73-4dac-9c3b-818190e166f0.jpg 1390w\" sizes=\"(max-width: 1024px) 100vw, 1024px\" \/><\/figure>\n<\/figure>\n\n\n\n<p> <\/p>\n","protected":false},"excerpt":{"rendered":"<p>Apr\u00e8s le week-end dernier en Ard\u00e8che. Avec Maths pour tous on a remis du coeur \u00e0 l&rsquo;ouvrage tout le dimanche pour animer des activit\u00e9s de vulgarisation math\u00e9matiques.<\/p>\n","protected":false},"author":1,"featured_media":0,"comment_status":"open","ping_status":"closed","sticky":false,"template":"","format":"standard","meta":{"footnotes":""},"categories":[50,1],"tags":[],"_links":{"self":[{"href":"https:\/\/maths-simao.fr\/index.php?rest_route=\/wp\/v2\/posts\/2332"}],"collection":[{"href":"https:\/\/maths-simao.fr\/index.php?rest_route=\/wp\/v2\/posts"}],"about":[{"href":"https:\/\/maths-simao.fr\/index.php?rest_route=\/wp\/v2\/types\/post"}],"author":[{"embeddable":true,"href":"https:\/\/maths-simao.fr\/index.php?rest_route=\/wp\/v2\/users\/1"}],"replies":[{"embeddable":true,"href":"https:\/\/maths-simao.fr\/index.php?rest_route=%2Fwp%2Fv2%2Fcomments&post=2332"}],"version-history":[{"count":12,"href":"https:\/\/maths-simao.fr\/index.php?rest_route=\/wp\/v2\/posts\/2332\/revisions"}],"predecessor-version":[{"id":2360,"href":"https:\/\/maths-simao.fr\/index.php?rest_route=\/wp\/v2\/posts\/2332\/revisions\/2360"}],"wp:attachment":[{"href":"https:\/\/maths-simao.fr\/index.php?rest_route=%2Fwp%2Fv2%2Fmedia&parent=2332"}],"wp:term":[{"taxonomy":"category","embeddable":true,"href":"https:\/\/maths-simao.fr\/index.php?rest_route=%2Fwp%2Fv2%2Fcategories&post=2332"},{"taxonomy":"post_tag","embeddable":true,"href":"https:\/\/maths-simao.fr\/index.php?rest_route=%2Fwp%2Fv2%2Ftags&post=2332"}],"curies":[{"name":"wp","href":"https:\/\/api.w.org\/{rel}","templated":true}]}}